{"id":4609,"date":"2022-09-26T13:21:02","date_gmt":"2022-09-26T17:21:02","guid":{"rendered":"https:\/\/agenciaygarape.com.br\/blog\/?p=4609"},"modified":"2026-04-23T17:34:00","modified_gmt":"2026-04-23T21:34:00","slug":"o-que-fazer-no-rio-da-prata","status":"publish","type":"post","link":"https:\/\/agenciaygarape.com.br\/blog\/o-que-fazer-no-rio-da-prata\/","title":{"rendered":"O que fazer no Rio da Prata?"},"content":{"rendered":"<p><span style=\"font-weight: 400;\">O Rio da Prata est\u00e1 localizado em um munic\u00edpio pr\u00f3ximo de <a href=\"https:\/\/agenciaygarape.com.br\/\" target=\"_blank\" rel=\"noopener\">Bonito<\/a>, a aproximadamente 50 quil\u00f4metros de dist\u00e2ncia. Este rio tem diversas qualidades, assim como os demais rios da regi\u00e3o, entre elas, a alt\u00edssima concentra\u00e7\u00e3o de de calc\u00e1rio na \u00e1gua. Isso faz com que suas \u00e1guas sejam extremamente transparentes e prop\u00edcias para a pr\u00e1tica de diversas atividades.<\/span><\/p>\n<p><!--more--><\/p>\n<p><span style=\"font-weight: 400;\">Mas, afinal, o que fazer no Rio da Prata? Essa \u00e9 uma d\u00favida muito frequente, mas a verdade \u00e9 que <strong>suas \u00e1guas cristalinas s\u00e3o perfeitas para a pr\u00e1tica de ecoturismo<\/strong>.<\/span><\/p>\n<p><img loading=\"lazy\" decoding=\"async\" class=\"alignnone size-medium wp-image-4610\" src=\"https:\/\/agenciaygarape.com.br\/blog\/wp-content\/uploads\/2022\/09\/Rio-da-Prata-300x225.jpg\" alt=\"Rio da Prata\" width=\"300\" height=\"225\" srcset=\"https:\/\/agenciaygarape.com.br\/blog\/wp-content\/uploads\/2022\/09\/Rio-da-Prata-300x225.jpg 300w, https:\/\/agenciaygarape.com.br\/blog\/wp-content\/uploads\/2022\/09\/Rio-da-Prata-1024x767.jpg 1024w, https:\/\/agenciaygarape.com.br\/blog\/wp-content\/uploads\/2022\/09\/Rio-da-Prata-768x575.jpg 768w, https:\/\/agenciaygarape.com.br\/blog\/wp-content\/uploads\/2022\/09\/Rio-da-Prata.jpg 1100w\" sizes=\"auto, (max-width: 300px) 100vw, 300px\" \/><\/p>\n<p><span style=\"font-weight: 400;\">Sem contar que o atrativo coloca \u00e0 disposi\u00e7\u00e3o diversas outras atividades imperd\u00edveis fora d\u2019\u00e1gua, \u00e9 por isso, que <strong>esse atrativo n\u00e3o pode ficar de fora do seu roteiro de viagem<\/strong> para o Mato Grosso do Sul.\u00a0<\/span><\/p>\n<h2><b>Rio da Prata: o que fazer?<\/b><\/h2>\n<p><span style=\"font-weight: 400;\">Desde que o Recanto Ecol\u00f3gico Rio da Prata foi fundado, o atrativo sempre vem passando por contastes melhorias, sendo cada vez mais equipando, de modo que voc\u00ea seja recebido da melhor maneira poss\u00edvel e aproveite ao m\u00e1ximo a experi\u00eancia no local. <\/span><\/p>\n<p><span style=\"font-weight: 400;\">Conhe\u00e7a agora as atividades que est\u00e3o esperando por voc\u00ea no Rio da Prata!<\/span><\/p>\n<h3><b>Flutua\u00e7\u00e3o no Rio da Prata<\/b><\/h3>\n<p><span style=\"font-weight: 400;\">N\u00e3o d\u00e1 para negar que a\u00a0 <a href=\"\/passeios-em-bonito-ms-flutuacao\/\">flutua\u00e7\u00e3o<\/a> no Rio da Prata \u00e9 a atividade que mais atrai visitantes. E motivos para isso \u00e9 que n\u00e3o faltam, afinal, ningu\u00e9m resiste a beleza natural do local, presente n\u00e3o somente nas \u00e1guas cristalinas como tamb\u00e9m na <strong>grande diversidade de peixes e plantas<\/strong> do rio. Tamb\u00e9m \u00e9 importante dar cr\u00e9ditos \u00e0 majestosa vegeta\u00e7\u00e3o em sua volta.<\/span><\/p>\n<p><img loading=\"lazy\" decoding=\"async\" class=\"alignnone size-medium wp-image-4611\" src=\"https:\/\/agenciaygarape.com.br\/blog\/wp-content\/uploads\/2022\/09\/Flutuacao-Rio-da-Prata-300x200.jpg\" alt=\"Flutua\u00e7\u00e3o Rio da Prata\" width=\"300\" height=\"200\" srcset=\"https:\/\/agenciaygarape.com.br\/blog\/wp-content\/uploads\/2022\/09\/Flutuacao-Rio-da-Prata-300x200.jpg 300w, https:\/\/agenciaygarape.com.br\/blog\/wp-content\/uploads\/2022\/09\/Flutuacao-Rio-da-Prata-1024x682.jpg 1024w, https:\/\/agenciaygarape.com.br\/blog\/wp-content\/uploads\/2022\/09\/Flutuacao-Rio-da-Prata-768x512.jpg 768w, https:\/\/agenciaygarape.com.br\/blog\/wp-content\/uploads\/2022\/09\/Flutuacao-Rio-da-Prata.jpg 1100w\" sizes=\"auto, (max-width: 300px) 100vw, 300px\" \/><\/p>\n<p><span style=\"font-weight: 400;\">As correntezas leves do Rio da Prata v\u00e3o te conduzindo<\/span><span style=\"font-weight: 400;\"> nesse mundo subaqu\u00e1tico. <\/span><\/p>\n<p><span style=\"font-weight: 400;\">Nessa aventura, suas companhias ser\u00e3o seus parceiros de grupo, o guia respons\u00e1vel e peixes como piraputangas, dourados, piaus e alguns outros.\u00a0<\/span><\/p>\n<p><span style=\"font-weight: 400;\">\u00c9 importante ressaltar que antes de cair na \u00e1gua, \u00e9 indispens\u00e1vel estar com a equipagem completa (o que inclui a m\u00e1scara e o snorkel). Para isso, voc\u00ea vai receber os equipamentos no atrativo e coloc\u00e1-los com ajuda do guia. <\/span><\/p>\n<p><span style=\"font-weight: 400;\">Posteriormente, \u00e9 hora de passar pelo treinamento, que \u00e9 muito importante, principalmente para aqueles que s\u00e3o iniciantes na atividade ou que n\u00e3o saibam nadar.<\/span><\/p>\n<p><span style=\"font-weight: 400;\">Isso mesmo, <strong>voc\u00ea n\u00e3o precisa saber nadar para participar da flutua\u00e7\u00e3o no Rio da Prata<\/strong>! Como estar\u00e1 munido de colete salva-vidas e de roupas neoprene, que por si s\u00f3 j\u00e1 auxiliam na pr\u00e1tica dessa atividade, est\u00e1 totalmente seguro. \u00c9 por isso, que essa<strong> \u00e9 uma atividade para ser feita por todos<\/strong>, ou melhor, quase todos, veja abaixo algumas considera\u00e7\u00f5es sobre a pr\u00e1tica:<\/span><\/p>\n<ul>\n<li><span style=\"font-weight: 400;\">A partir dos 6 anos de idade as crian\u00e7as j\u00e1 podem participar da atividade, sendo que dos 6 at\u00e9 os 12 anos devem estar sempre acompanhadas pelos pais ou respons\u00e1veis. Lembrando que<strong> s\u00e3o cerca de 2 quil\u00f4metros de percurso at\u00e9 o encontro dos rios Olho D\u2019\u00c1gua e Prata<\/strong>, e se por algum motivo o pequeno precisar retornar ao receptivo por n\u00e3o conseguir realizar o passeio, tamb\u00e9m deve ser acompanhado pelos pais ou respons\u00e1veis.\u00a0<\/span><\/li>\n<\/ul>\n<h3><b>Mergulho com cilindro<\/b><\/h3>\n<p><span style=\"font-weight: 400;\">Um mergulhador profissional se aventurar\u00e1 com voc\u00ea nas \u00e1guas incrivelmente cristalinas e enfeitadas por diversas esp\u00e9cies de peixes e uma grande variedade de plantas, que juntos formam um<strong> cen\u00e1rio subaqu\u00e1tico de encher os olhos<\/strong> no Rio da Prata.\u00a0<\/span><\/p>\n<p><img loading=\"lazy\" decoding=\"async\" class=\"size-medium wp-image-4612\" src=\"https:\/\/agenciaygarape.com.br\/blog\/wp-content\/uploads\/2022\/09\/Mergulho-com-cilindro-Rio-da-Prata-300x199.jpg\" alt=\"Mergulho com cilindro Rio da Prata\" width=\"300\" height=\"199\" srcset=\"https:\/\/agenciaygarape.com.br\/blog\/wp-content\/uploads\/2022\/09\/Mergulho-com-cilindro-Rio-da-Prata-300x199.jpg 300w, https:\/\/agenciaygarape.com.br\/blog\/wp-content\/uploads\/2022\/09\/Mergulho-com-cilindro-Rio-da-Prata-1024x680.jpg 1024w, https:\/\/agenciaygarape.com.br\/blog\/wp-content\/uploads\/2022\/09\/Mergulho-com-cilindro-Rio-da-Prata-768x510.jpg 768w, https:\/\/agenciaygarape.com.br\/blog\/wp-content\/uploads\/2022\/09\/Mergulho-com-cilindro-Rio-da-Prata.jpg 1100w\" sizes=\"auto, (max-width: 300px) 100vw, 300px\" \/><\/p>\n<p><span style=\"font-weight: 400;\">No Deque de Pedras do Rio da Prata \u00e9 dada a largada nessa aventura, onde o instrutor passa todas as informa\u00e7\u00f5es necess\u00e1rias sobre os equipamentos e tamb\u00e9m sobre o trajeto a ser percorrido. <\/span><\/p>\n<p><span style=\"font-weight: 400;\">O <a href=\"https:\/\/agenciaygarape.com.br\/passeios-em-bonito-ms-mergulho\/\">mergulho<\/a> acontece em uma <strong>profundidade que varia de 5 a 7 metros<\/strong>, tendo a dura\u00e7\u00e3o aproximada de 40 minutos.\u00a0<\/span><\/p>\n<h3><b>Observa\u00e7\u00e3o de Aves<\/b><\/h3>\n<p><span style=\"font-weight: 400;\">O Rio da Prata tamb\u00e9m disponibiliza um <strong>passeio muito interessante voltado para a observa\u00e7\u00e3o de aves<\/strong>, o\u00a0qual acontece dentro da Reserva Particular do Patrim\u00f4nio Natural (RPPN) Fazenda Cabeceira do Prata, onde voc\u00ea ter\u00e1 a oportunidade de observar <strong>235 esp\u00e9cies de aves diferentes<\/strong>, todas elas registradas.\u00a0<\/span><\/p>\n<p><img loading=\"lazy\" decoding=\"async\" class=\"alignnone size-medium wp-image-4613\" src=\"https:\/\/agenciaygarape.com.br\/blog\/wp-content\/uploads\/2022\/09\/Observacao-de-aves-Rio-da-Prata-300x200.jpg\" alt=\"Observa\u00e7\u00e3o de aves Rio da Prata\" width=\"300\" height=\"200\" srcset=\"https:\/\/agenciaygarape.com.br\/blog\/wp-content\/uploads\/2022\/09\/Observacao-de-aves-Rio-da-Prata-300x200.jpg 300w, https:\/\/agenciaygarape.com.br\/blog\/wp-content\/uploads\/2022\/09\/Observacao-de-aves-Rio-da-Prata-1024x681.jpg 1024w, https:\/\/agenciaygarape.com.br\/blog\/wp-content\/uploads\/2022\/09\/Observacao-de-aves-Rio-da-Prata-768x511.jpg 768w, https:\/\/agenciaygarape.com.br\/blog\/wp-content\/uploads\/2022\/09\/Observacao-de-aves-Rio-da-Prata.jpg 1100w\" sizes=\"auto, (max-width: 300px) 100vw, 300px\" \/><\/p>\n<h3><b>Passarinhada<\/b><\/h3>\n<p><span style=\"font-weight: 400;\">Voc\u00ea ainda tem mais uma op\u00e7\u00e3o de estar bem pertinho das aves pantaneiras, atrav\u00e9s da passarinhada. Ela acontece no receptivo da fazenda do Recanto Ecol\u00f3gico Rio da Prata, nos campos e nas estradas internas, onde facilmente voc\u00ea consegue observar e fotografar a vida dos p\u00e1ssaros.\u00a0<\/span><\/p>\n<p><img loading=\"lazy\" decoding=\"async\" class=\"alignnone size-medium wp-image-4614\" src=\"https:\/\/agenciaygarape.com.br\/blog\/wp-content\/uploads\/2022\/09\/Rio-da-Prata-observacao-de-aves-300x212.jpg\" alt=\"Rio da Prata observa\u00e7\u00e3o de aves\" width=\"300\" height=\"212\" srcset=\"https:\/\/agenciaygarape.com.br\/blog\/wp-content\/uploads\/2022\/09\/Rio-da-Prata-observacao-de-aves-300x212.jpg 300w, https:\/\/agenciaygarape.com.br\/blog\/wp-content\/uploads\/2022\/09\/Rio-da-Prata-observacao-de-aves-768x543.jpg 768w, https:\/\/agenciaygarape.com.br\/blog\/wp-content\/uploads\/2022\/09\/Rio-da-Prata-observacao-de-aves.jpg 820w\" sizes=\"auto, (max-width: 300px) 100vw, 300px\" \/><\/p>\n<h3><b>Passeio a cavalo<\/b><\/h3>\n<p><span style=\"font-weight: 400;\">O passeio a cavalo no Recanto Ecol\u00f3gico Rio da Prata, vai te apresentar as pr\u00e1ticas de pecu\u00e1ria da fazenda, trazendo at\u00e9 voc\u00ea a realidade de muitos pantaneiros por meio de um passeio super divertido em cima do cavalo e passando pelo meio do gado, tudo isso em um cen\u00e1rio incr\u00edvel cercado pela natureza preservada.<\/span><\/p>\n<p><img loading=\"lazy\" decoding=\"async\" class=\"alignnone size-medium wp-image-4615\" src=\"https:\/\/agenciaygarape.com.br\/blog\/wp-content\/uploads\/2022\/09\/Cavalgada-Rio-da-Prata-300x200.jpg\" alt=\"Cavalgada Rio da Prata\" width=\"300\" height=\"200\" srcset=\"https:\/\/agenciaygarape.com.br\/blog\/wp-content\/uploads\/2022\/09\/Cavalgada-Rio-da-Prata-300x200.jpg 300w, https:\/\/agenciaygarape.com.br\/blog\/wp-content\/uploads\/2022\/09\/Cavalgada-Rio-da-Prata-1024x681.jpg 1024w, https:\/\/agenciaygarape.com.br\/blog\/wp-content\/uploads\/2022\/09\/Cavalgada-Rio-da-Prata-768x511.jpg 768w, https:\/\/agenciaygarape.com.br\/blog\/wp-content\/uploads\/2022\/09\/Cavalgada-Rio-da-Prata.jpg 1100w\" sizes=\"auto, (max-width: 300px) 100vw, 300px\" \/><\/p>\n<p><span style=\"font-weight: 400;\">A cavalgada acontece em um percurso de aproximadamente <strong>6 quil\u00f4metros<\/strong>, passando por diferentes ambientes da fazenda, todos eles com uma vista privilegiada para o cerrado. Ao longo do passeio com <strong>dura\u00e7\u00e3o de 1 hora e 30 minutos<\/strong>, o guia estar\u00e1 te acompanhando e explicando um pouco mais sobre esse estilo de vida.\u00a0<\/span><\/p>\n<h3><b>Almo\u00e7o no Rio da Prata<\/b><\/h3>\n<p><span style=\"font-weight: 400;\">Depois de tantos passeios, o<strong> Restaurante do Rio da Prata \u00e9 uma parada mais que obrigat\u00f3ria<\/strong>, afinal, \u00e9 preciso recarregar as energias. Dif\u00edcil mesmo \u00e9 decidir o que comer, pois o local oferece um <strong>buffet super completo com uma grande variedade de pratos t\u00edpicos da culin\u00e1ria sul-mato-grossense<\/strong>, al\u00e9m de saladas org\u00e2nicas.<\/span><\/p>\n<p><img loading=\"lazy\" decoding=\"async\" class=\"alignnone size-medium wp-image-4616\" src=\"https:\/\/agenciaygarape.com.br\/blog\/wp-content\/uploads\/2022\/09\/Almoco-Rio-da-Prata-240x300.jpg\" alt=\"Almo\u00e7o Rio da Prata\" width=\"240\" height=\"300\" srcset=\"https:\/\/agenciaygarape.com.br\/blog\/wp-content\/uploads\/2022\/09\/Almoco-Rio-da-Prata-240x300.jpg 240w, https:\/\/agenciaygarape.com.br\/blog\/wp-content\/uploads\/2022\/09\/Almoco-Rio-da-Prata-819x1024.jpg 819w, https:\/\/agenciaygarape.com.br\/blog\/wp-content\/uploads\/2022\/09\/Almoco-Rio-da-Prata-768x960.jpg 768w, https:\/\/agenciaygarape.com.br\/blog\/wp-content\/uploads\/2022\/09\/Almoco-Rio-da-Prata.jpg 1080w\" sizes=\"auto, (max-width: 240px) 100vw, 240px\" \/><\/p>\n<p><span style=\"font-weight: 400;\">E para deixar essa refei\u00e7\u00e3o ainda melhor, uma sobremesa n\u00e3o pode faltar, n\u00e3o \u00e9 mesmo?! No restaurante s\u00e3o servidas deliciosas sobremesas, entre elas, o tradicional doce de leite se destaca. Este doce \u00e9 feito com leite produzido pelas pr\u00f3prias vacas da fazenda. Uma del\u00edcia!\u00a0<\/span><\/p>\n<p><b>O que levar para o Rio da Prata?<\/b><\/p>\n<p><span style=\"font-weight: 400;\">Prepare-se para anotar todos os itens e n\u00e3o se esquecer de nada, vamos l\u00e1! <\/span><\/p>\n<ul>\n<li><span style=\"font-weight: 400;\">Roupas de banho e tamb\u00e9m toalhas s\u00e3o indispens\u00e1veis j\u00e1 que a principal atividade do atrativo envolve \u00e1gua;<\/span><\/li>\n<li>Dinheiro em esp\u00e9cie e cart\u00e3o para poss\u00edveis gastos extras;<\/li>\n<li>M\u00e1quina fotogr\u00e1fica ou o celular, \u00e9 claro, para registrar tudo!<\/li>\n<\/ul>\n<p><span style=\"font-weight: 400;\">O <strong>atrativo conta com o aluguel de c\u00e2meras fotogr\u00e1ficas voltadas para os passeios aqu\u00e1ticos<\/strong>, que s\u00e3o as GoPros. <\/span><\/p>\n<p><span style=\"font-weight: 400;\">Essas m\u00e1quinas podem ser utilizadas debaixo d\u2019\u00e1gua, garantindo aquela foto perfeita!\u00a0<\/span><\/p>\n<p><span style=\"font-weight: 400;\">Mas, no fim das contas, o que o Rio da Prata tem de mais bonito al\u00e9m das belezas naturais \u00e9 sua <strong>conduta consciente em rela\u00e7\u00e3o ao meio ambiente<\/strong>, oferecendo somente<strong> atividades de baixo impacto ambiental <\/strong>e pr\u00e1ticas seguras em rela\u00e7\u00e3o ao turismo de aventura.\u00a0<\/span><\/p>\n<p><img loading=\"lazy\" decoding=\"async\" class=\"alignnone size-medium wp-image-4617\" src=\"https:\/\/agenciaygarape.com.br\/blog\/wp-content\/uploads\/2022\/09\/Recanto-Ecologico-Rio-da-Prata-240x300.jpg\" alt=\"Recanto Ecol\u00f3gico Rio da Prata\" width=\"240\" height=\"300\" srcset=\"https:\/\/agenciaygarape.com.br\/blog\/wp-content\/uploads\/2022\/09\/Recanto-Ecologico-Rio-da-Prata-240x300.jpg 240w, https:\/\/agenciaygarape.com.br\/blog\/wp-content\/uploads\/2022\/09\/Recanto-Ecologico-Rio-da-Prata-819x1024.jpg 819w, https:\/\/agenciaygarape.com.br\/blog\/wp-content\/uploads\/2022\/09\/Recanto-Ecologico-Rio-da-Prata-768x960.jpg 768w, https:\/\/agenciaygarape.com.br\/blog\/wp-content\/uploads\/2022\/09\/Recanto-Ecologico-Rio-da-Prata.jpg 1080w\" sizes=\"auto, (max-width: 240px) 100vw, 240px\" \/><\/p>\n<p><span style=\"font-weight: 400;\">Bom, se voc\u00ea chegou at\u00e9 aqui, acreditamos que n\u00e3o exista mais nenhuma d\u00favida em rela\u00e7\u00e3o ao Rio da Prata! Este realmente \u00e9 um programa n\u00e3o pode ficar de fora do seu roteiro de viagem, por isso, planeje-se e deixe um espa\u00e7o reservado em sua viagem. Em caso de qualquer d\u00favida fale conosco da Ygarap\u00e9 Tour!<\/span><\/p>\n","protected":false},"excerpt":{"rendered":"<p>O Rio da Prata est\u00e1 localizado em um munic\u00edpio pr\u00f3ximo de Bonito, a aproximadamente 50 quil\u00f4metros de dist\u00e2ncia. Este rio tem diversas qualidades, assim como os demais rios da regi\u00e3o, entre elas, a alt\u00edssima concentra\u00e7\u00e3o de de calc\u00e1rio na \u00e1gua. Isso faz com que suas \u00e1guas sejam extremamente transparentes e prop\u00edcias para a pr\u00e1tica de [&hellip;]<\/p>\n","protected":false},"author":3,"featured_media":4618,"comment_status":"open","ping_status":"open","sticky":false,"template":"","format":"standard","meta":{"footnotes":""},"categories":[1],"tags":[],"class_list":["post-4609","post","type-post","status-publish","format-standard","has-post-thumbnail","hentry","category-noticias"],"_links":{"self":[{"href":"https:\/\/agenciaygarape.com.br\/blog\/wp-json\/wp\/v2\/posts\/4609","targetHints":{"allow":["GET"]}}],"collection":[{"href":"https:\/\/agenciaygarape.com.br\/blog\/wp-json\/wp\/v2\/posts"}],"about":[{"href":"https:\/\/agenciaygarape.com.br\/blog\/wp-json\/wp\/v2\/types\/post"}],"author":[{"embeddable":true,"href":"https:\/\/agenciaygarape.com.br\/blog\/wp-json\/wp\/v2\/users\/3"}],"replies":[{"embeddable":true,"href":"https:\/\/agenciaygarape.com.br\/blog\/wp-json\/wp\/v2\/comments?post=4609"}],"version-history":[{"count":5,"href":"https:\/\/agenciaygarape.com.br\/blog\/wp-json\/wp\/v2\/posts\/4609\/revisions"}],"predecessor-version":[{"id":6030,"href":"https:\/\/agenciaygarape.com.br\/blog\/wp-json\/wp\/v2\/posts\/4609\/revisions\/6030"}],"wp:featuredmedia":[{"embeddable":true,"href":"https:\/\/agenciaygarape.com.br\/blog\/wp-json\/wp\/v2\/media\/4618"}],"wp:attachment":[{"href":"https:\/\/agenciaygarape.com.br\/blog\/wp-json\/wp\/v2\/media?parent=4609"}],"wp:term":[{"taxonomy":"category","embeddable":true,"href":"https:\/\/agenciaygarape.com.br\/blog\/wp-json\/wp\/v2\/categories?post=4609"},{"taxonomy":"post_tag","embeddable":true,"href":"https:\/\/agenciaygarape.com.br\/blog\/wp-json\/wp\/v2\/tags?post=4609"}],"curies":[{"name":"wp","href":"https:\/\/api.w.org\/{rel}","templated":true}]}}